
			
				

					
				

			
		{"items":"\n\t\t\t\t\t\t\t\t\t\t\t\t\t\t<link rel=\"stylesheet\" id=\"wd-post-types-mod-categories-style-bg-css\" href=\"https:\/\/rofan.team\/wp-content\/themes\/woodmart\/css\/parts\/post-types-mod-categories-style-bg.min.css?ver=8.2.6\" type=\"text\/css\" media=\"all\" \/> \t\t\t\n<article id=\"post-9366\" class=\"wd-post blog-design-masonry blog-post-loop blog-style-bg wd-add-shadow wd-col post-9366 post type-post status-publish format-standard hentry category-arbeitsrecht category-betrieb-einer-gesellschaft category-ihre-mitarbeiter tag-arbeitnehmer\">\n\t<div class=\"wd-post-inner article-inner\">\n\t\t\n\t\t<div class=\"wd-post-content article-body-container\">\n\t\t\t\t\t\t\t<div class=\"wd-post-cat wd-style-with-bg meta-post-categories\">\n\t\t\t\t\t<a href=\"https:\/\/rofan.team\/thema\/arbeitsrecht\/\" rel=\"category tag\">Arbeitsrecht<\/a>, <a href=\"https:\/\/rofan.team\/thema\/gmbh_ug\/betrieb-einer-gesellschaft\/\" rel=\"category tag\">Betrieb einer Gesellschaft<\/a>, <a href=\"https:\/\/rofan.team\/thema\/gmbh_ug\/betrieb-einer-gesellschaft\/ihre-mitarbeiter\/\" rel=\"category tag\">Ihre Mitarbeiter<\/a>\t\t\t\t<\/div>\n\t\t\t\n\t\t\t\t\t\t\t<h3 class=\"wd-post-title wd-entities-title title post-title\">\n\t\t\t\t\t<a href=\"https:\/\/rofan.team\/wann-arbeitsverhaeltnis-arbeitnehmer-selbstaendiger\/\" rel=\"bookmark\">Wann liegt ein Arbeitsverh\u00e4ltnis vor?<\/a>\n\t\t\t\t<\/h3>\n\t\t\t\n\t\t\t\t\t\t\t<div class=\"wd-post-meta\">\n\t\t\t\t\t\t\t\t\t\t\t\t\t<link rel=\"stylesheet\" id=\"wd-blog-mod-author-css\" href=\"https:\/\/rofan.team\/wp-content\/themes\/woodmart\/css\/parts\/blog-mod-author.min.css?ver=8.2.6\" type=\"text\/css\" media=\"all\" \/> \t\t\t\t\t\t\t\t<div class=\"wd-post-author\">\n\t\t\t\t\t\t\t\t\t\t\t<span>Posted by<\/span>\n\t\t\n\t\t\t\t\t\t\t\n\t\t\t\t\t<a href=\"https:\/\/rofan.team\/author\/rofan\/\" class=\"author\" rel=\"author\"><\/a>\n\t\t\t\t\t\t\t\t\t<\/div>\n\t\t\t\t\t<div class=\"wd-modified-date\">\n\t\t\t\t\t\t\t\t<time class=\"updated\" datetime=\"\">\n\t\t\t\t\t<\/time>\n\t\t\t\t\t\t\t<\/div>\n\n\t\t\t\t\t\n\t\t\t\t\t\t\t\t\t<\/div>\n\t\t\t\n\t\t\t\t\t\t\t\t\t\t\t\t<div class=\"wd-post-excerpt entry-content\">\n\t\t\t\t\t\tBei diesem Beitrag geht es um die Frage, wann ein Arbeitsverh\u00e4ltnis gegeben ist und wie ein Arbeitsverh\u00e4ltnis von anderen Vertragsverh\u00e4...\t\t\t\t\t<\/div>\n\t\t\t\t\n\t\t\t\t\t\t\t\t\t\t\t\t\t\t<div class=\"wd-post-read-more wd-style-link read-more-section\">\n\t\t\t\t\t\t<a class=\"\" href=\"https:\/\/rofan.team\/wann-arbeitsverhaeltnis-arbeitnehmer-selbstaendiger\/\">Weiter<\/a>\t\t\t\t\t<\/div>\n\t\t\t\t\t\t\t\t\t\t\t\t\t<\/div>\n\t<\/div>\n<\/article>\n\n\t\t\t\t\t\t\t\t\t\t\t\n<article id=\"post-7911\" class=\"wd-post blog-design-masonry blog-post-loop blog-style-bg wd-add-shadow wd-col post-7911 post type-post status-publish format-standard hentry category-beendigung-einer-gesellschaft category-loeschung-wegen-vermoegenslosigkeit tag-loeschen\">\n\t<div class=\"wd-post-inner article-inner\">\n\t\t\n\t\t<div class=\"wd-post-content article-body-container\">\n\t\t\t\t\t\t\t<div class=\"wd-post-cat wd-style-with-bg meta-post-categories\">\n\t\t\t\t\t<a href=\"https:\/\/rofan.team\/thema\/gmbh_ug\/beendigung-einer-gesellschaft\/\" rel=\"category tag\">Beendigung einer Gesellschaft<\/a>, <a href=\"https:\/\/rofan.team\/thema\/gmbh_ug\/beendigung-einer-gesellschaft\/loeschung-wegen-vermoegenslosigkeit\/\" rel=\"category tag\">L\u00f6schung wegen Verm\u00f6genslosigkeit<\/a>\t\t\t\t<\/div>\n\t\t\t\n\t\t\t\t\t\t\t<h3 class=\"wd-post-title wd-entities-title title post-title\">\n\t\t\t\t\t<a href=\"https:\/\/rofan.team\/loeschung-wegen-vermoegenslosigkeit-einer-gmbh-oder-ug\/\" rel=\"bookmark\">L\u00f6schung wegen Verm\u00f6genslosigkeit einer GmbH oder UG<\/a>\n\t\t\t\t<\/h3>\n\t\t\t\n\t\t\t\t\t\t\t<div class=\"wd-post-meta\">\n\t\t\t\t\t\t\t\t\t\t\t\t\t\t\t<div class=\"wd-post-author\">\n\t\t\t\t\t\t\t\t\t\t\t<span>Posted by<\/span>\n\t\t\n\t\t\t\t\t\t\t\n\t\t\t\t\t<a href=\"https:\/\/rofan.team\/author\/rofan\/\" class=\"author\" rel=\"author\"><\/a>\n\t\t\t\t\t\t\t\t\t<\/div>\n\t\t\t\t\t<div class=\"wd-modified-date\">\n\t\t\t\t\t\t\t\t<time class=\"updated\" datetime=\"\">\n\t\t\t\t\t<\/time>\n\t\t\t\t\t\t\t<\/div>\n\n\t\t\t\t\t\n\t\t\t\t\t\t\t\t\t\t\t\t\t\t<link rel=\"stylesheet\" id=\"wd-blog-mod-comments-button-css\" href=\"https:\/\/rofan.team\/wp-content\/themes\/woodmart\/css\/parts\/blog-mod-comments-button.min.css?ver=8.2.6\" type=\"text\/css\" media=\"all\" \/> \t\t\t\t\t\t\t\t\t<div class=\"wd-post-reply wd-style-1\">\n\t\t\t\t\t\t\t<a href=\"https:\/\/rofan.team\/loeschung-wegen-vermoegenslosigkeit-einer-gmbh-oder-ug\/#respond\"><span class=\"wd-replies-count\">0<\/span><\/a>\t\t\t\t\t\t<\/div>\n\t\t\t\t\t\t\t\t\t<\/div>\n\t\t\t\n\t\t\t\t\t\t\t\t\t\t\t\t<div class=\"wd-post-excerpt entry-content\">\n\t\t\t\t\t\tDie Schlie\u00dfung einer UG oder GmbH auf dem Weg der L\u00f6schung wegen Verm\u00f6genslosigkeit wird in diesem Artikel beschrieben. Thematisiert we...\t\t\t\t\t<\/div>\n\t\t\t\t\n\t\t\t\t\t\t\t\t\t\t\t\t\t\t<div class=\"wd-post-read-more wd-style-link read-more-section\">\n\t\t\t\t\t\t<a class=\"\" href=\"https:\/\/rofan.team\/loeschung-wegen-vermoegenslosigkeit-einer-gmbh-oder-ug\/\">Weiter<\/a>\t\t\t\t\t<\/div>\n\t\t\t\t\t\t\t\t\t\t\t\t\t<\/div>\n\t<\/div>\n<\/article>\n\n\t\t\t\t\t\t\t\t\t\t\t\n<article id=\"post-7906\" class=\"wd-post blog-design-masonry blog-post-loop blog-style-bg wd-add-shadow wd-col post-7906 post type-post status-publish format-standard has-post-thumbnail hentry category-allgemeines-gesellschaftsrecht category-betrieb-einer-gesellschaft category-geschaeftsfuehrung\">\n\t<div class=\"wd-post-inner article-inner\">\n\t\t\t\t\t<div class=\"wd-post-thumb entry-header\">\n\t\t\t\t\t\t\t\t\t<div class=\"wd-post-img post-img-wrapp\">\n\t\t\t\t\t\t<img width=\"1024\" height=\"651\" src=\"https:\/\/rofan.team\/wp-content\/themes\/woodmart\/images\/lazy.svg\" class=\"attachment-large size-large wd-lazy-fade\" alt=\"L\u00f6schung wegen Verm\u00f6genslosigkeit\" decoding=\"async\" fetchpriority=\"high\" data-src=\"https:\/\/rofan.team\/wp-content\/uploads\/2021\/02\/Beitragsbild.jpg\" srcset=\"\" \/>\t\t\t\t\t<\/div>\n\t\t\t\t\t<a class=\"wd-fill\" href=\"https:\/\/rofan.team\/ausstattung-mit-geldmitteln-wie-schiesse-ich-bei-meiner-gmbh-oder-ug-geld-nach\/\"><\/a>\n\t\t\t\t\n\t\t\t\t\t\t\t\t\t\t\t\t<link rel=\"stylesheet\" id=\"wd-post-types-mod-date-style-bg-css\" href=\"https:\/\/rofan.team\/wp-content\/themes\/woodmart\/css\/parts\/post-types-mod-date-style-bg.min.css?ver=8.2.6\" type=\"text\/css\" media=\"all\" \/> \t\t\t\t\t\t<div class=\"wd-post-date wd-style-with-bg\">\n\t\t\t\t<span class=\"post-date-day\">\n\t\t\t\t\t\t\t\t\t<\/span>\n\t\t\t\t<span class=\"post-date-month\">\n\t\t\t\t\t\t\t\t\t<\/span>\n\t\t\t<\/div>\n\t\t\t\t\t\t\t\t\t<\/div>\n\t\t\n\t\t<div class=\"wd-post-content article-body-container\">\n\t\t\t\t\t\t\t<div class=\"wd-post-cat wd-style-with-bg meta-post-categories\">\n\t\t\t\t\t<a href=\"https:\/\/rofan.team\/thema\/gmbh_ug\/allgemeines-gesellschaftsrecht\/\" rel=\"category tag\">Allgemeines Gesellschaftsrecht<\/a>, <a href=\"https:\/\/rofan.team\/thema\/gmbh_ug\/betrieb-einer-gesellschaft\/\" rel=\"category tag\">Betrieb einer Gesellschaft<\/a>, <a href=\"https:\/\/rofan.team\/thema\/gmbh_ug\/betrieb-einer-gesellschaft\/geschaeftsfuehrung\/\" rel=\"category tag\">Gesch\u00e4ftsf\u00fchrung<\/a>\t\t\t\t<\/div>\n\t\t\t\n\t\t\t\t\t\t\t<h3 class=\"wd-post-title wd-entities-title title post-title\">\n\t\t\t\t\t<a href=\"https:\/\/rofan.team\/ausstattung-mit-geldmitteln-wie-schiesse-ich-bei-meiner-gmbh-oder-ug-geld-nach\/\" rel=\"bookmark\">Ausstattung mit Geldmitteln: Wie schie\u00dfe ich bei meiner GmbH oder UG Geld nach?<\/a>\n\t\t\t\t<\/h3>\n\t\t\t\n\t\t\t\t\t\t\t<div class=\"wd-post-meta\">\n\t\t\t\t\t\t\t\t\t\t\t\t\t\t\t<div class=\"wd-post-author\">\n\t\t\t\t\t\t\t\t\t\t\t<span>Posted by<\/span>\n\t\t\n\t\t\t\t\t\t\t\n\t\t\t\t\t<a href=\"https:\/\/rofan.team\/author\/rofan\/\" class=\"author\" rel=\"author\"><\/a>\n\t\t\t\t\t\t\t\t\t<\/div>\n\t\t\t\t\t<div class=\"wd-modified-date\">\n\t\t\t\t\t\t\t\t<time class=\"updated\" datetime=\"\">\n\t\t\t\t\t<\/time>\n\t\t\t\t\t\t\t<\/div>\n\n\t\t\t\t\t\n\t\t\t\t\t\t\t\t\t<\/div>\n\t\t\t\n\t\t\t\t\t\t\t\t\t\t\t\t<div class=\"wd-post-excerpt entry-content\">\n\t\t\t\t\t\tWie eine GmbH oder UG nachtr\u00e4glich mit Geldmitteln ausgestattet werden kann, wird in diesem Artikel beschrieben. Eingegangen wird auf d...\t\t\t\t\t<\/div>\n\t\t\t\t\n\t\t\t\t\t\t\t\t\t\t\t\t\t\t<div class=\"wd-post-read-more wd-style-link read-more-section\">\n\t\t\t\t\t\t<a class=\"\" href=\"https:\/\/rofan.team\/ausstattung-mit-geldmitteln-wie-schiesse-ich-bei-meiner-gmbh-oder-ug-geld-nach\/\">Weiter<\/a>\t\t\t\t\t<\/div>\n\t\t\t\t\t\t\t\t\t\t\t\t\t<\/div>\n\t<\/div>\n<\/article>\n\n\t\t\t\t\t\t\t\t\t\t\t\n<article id=\"post-7799\" class=\"wd-post blog-design-masonry blog-post-loop blog-style-bg wd-add-shadow wd-col post-7799 post type-post status-publish format-standard hentry category-beendigung-einer-gesellschaft category-gmbh_ug\">\n\t<div class=\"wd-post-inner article-inner\">\n\t\t\n\t\t<div class=\"wd-post-content article-body-container\">\n\t\t\t\t\t\t\t<div class=\"wd-post-cat wd-style-with-bg meta-post-categories\">\n\t\t\t\t\t<a href=\"https:\/\/rofan.team\/thema\/gmbh_ug\/beendigung-einer-gesellschaft\/\" rel=\"category tag\">Beendigung einer Gesellschaft<\/a>, <a href=\"https:\/\/rofan.team\/thema\/gmbh_ug\/\" rel=\"category tag\">GmbH &amp; UG<\/a>\t\t\t\t<\/div>\n\t\t\t\n\t\t\t\t\t\t\t<h3 class=\"wd-post-title wd-entities-title title post-title\">\n\t\t\t\t\t<a href=\"https:\/\/rofan.team\/bekanntmachung-der-aufloesung-und-glaeubigeraufruf-bei-gmbh-oder-ug\/\" rel=\"bookmark\">Anleitung: Gl\u00e4ubigeraufruf nach Aufl\u00f6sung im Bundesanzeiger bei GmbH oder UG<\/a>\n\t\t\t\t<\/h3>\n\t\t\t\n\t\t\t\t\t\t\t<div class=\"wd-post-meta\">\n\t\t\t\t\t\t\t\t\t\t\t\t\t\t\t<div class=\"wd-post-author\">\n\t\t\t\t\t\t\t\t\t\t\t<span>Posted by<\/span>\n\t\t\n\t\t\t\t\t\t\t\n\t\t\t\t\t<a href=\"https:\/\/rofan.team\/author\/rofan\/\" class=\"author\" rel=\"author\"><\/a>\n\t\t\t\t\t\t\t\t\t<\/div>\n\t\t\t\t\t<div class=\"wd-modified-date\">\n\t\t\t\t\t\t\t\t<time class=\"updated\" datetime=\"\">\n\t\t\t\t\t<\/time>\n\t\t\t\t\t\t\t<\/div>\n\n\t\t\t\t\t\n\t\t\t\t\t\t\t\t\t<\/div>\n\t\t\t\n\t\t\t\t\t\t\t\t\t\t\t\t<div class=\"wd-post-excerpt entry-content\">\n\t\t\t\t\t\tDie Aufl\u00f6sung muss laut Gesetz im Bundesanzeiger bekannt gemacht werden. Durch die Bekanntmachung sind zugleich die Gl\u00e4ubiger der Gesel...\t\t\t\t\t<\/div>\n\t\t\t\t\n\t\t\t\t\t\t\t\t\t\t\t\t\t\t<div class=\"wd-post-read-more wd-style-link read-more-section\">\n\t\t\t\t\t\t<a class=\"\" href=\"https:\/\/rofan.team\/bekanntmachung-der-aufloesung-und-glaeubigeraufruf-bei-gmbh-oder-ug\/\">Weiter<\/a>\t\t\t\t\t<\/div>\n\t\t\t\t\t\t\t\t\t\t\t\t\t<\/div>\n\t<\/div>\n<\/article>\n\n\t\t\t\t\t\t\t\t\t\t\t\n<article id=\"post-7304\" class=\"wd-post blog-design-masonry blog-post-loop blog-style-bg wd-add-shadow wd-col post-7304 post type-post status-publish format-standard hentry category-weitere_themen\">\n\t<div class=\"wd-post-inner article-inner\">\n\t\t\n\t\t<div class=\"wd-post-content article-body-container\">\n\t\t\t\t\t\t\t<div class=\"wd-post-cat wd-style-with-bg meta-post-categories\">\n\t\t\t\t\t<a href=\"https:\/\/rofan.team\/thema\/weitere_themen\/\" rel=\"category tag\">Weitere Themen<\/a>\t\t\t\t<\/div>\n\t\t\t\n\t\t\t\t\t\t\t<h3 class=\"wd-post-title wd-entities-title title post-title\">\n\t\t\t\t\t<a href=\"https:\/\/rofan.team\/betruegerische-rechnungen-fuer-handelsregistereintraege\/\" rel=\"bookmark\">Betr\u00fcgerische Rechnungen f\u00fcr Handelsregistereintr\u00e4ge<\/a>\n\t\t\t\t<\/h3>\n\t\t\t\n\t\t\t\t\t\t\t<div class=\"wd-post-meta\">\n\t\t\t\t\t\t\t\t\t\t\t\t\t\t\t<div class=\"wd-post-author\">\n\t\t\t\t\t\t\t\t\t\t\t<span>Posted by<\/span>\n\t\t\n\t\t\t\t\t\t\t\n\t\t\t\t\t<a href=\"https:\/\/rofan.team\/author\/rofan\/\" class=\"author\" rel=\"author\"><\/a>\n\t\t\t\t\t\t\t\t\t<\/div>\n\t\t\t\t\t<div class=\"wd-modified-date\">\n\t\t\t\t\t\t\t\t<time class=\"updated\" datetime=\"\">\n\t\t\t\t\t<\/time>\n\t\t\t\t\t\t\t<\/div>\n\n\t\t\t\t\t\n\t\t\t\t\t\t\t\t\t<\/div>\n\t\t\t\n\t\t\t\t\t\t\t\t\t\t\t\t<div class=\"wd-post-excerpt entry-content\">\n\t\t\t\t\t\tIm Zusammenhang mit Handelsregistereintr\u00e4gen kommt es sehr h\u00e4ufig dazu, dass betr\u00fcgerische Schand-Firmen Rechnungen versenden. Welche V...\t\t\t\t\t<\/div>\n\t\t\t\t\n\t\t\t\t\t\t\t\t\t\t\t\t\t\t<div class=\"wd-post-read-more wd-style-link read-more-section\">\n\t\t\t\t\t\t<a class=\"\" href=\"https:\/\/rofan.team\/betruegerische-rechnungen-fuer-handelsregistereintraege\/\">Weiter<\/a>\t\t\t\t\t<\/div>\n\t\t\t\t\t\t\t\t\t\t\t\t\t<\/div>\n\t<\/div>\n<\/article>\n\n\t\t\t\t\t\t\t\t\t\t\t\n<article id=\"post-7064\" class=\"wd-post blog-design-masonry blog-post-loop blog-style-bg wd-add-shadow wd-col post-7064 post type-post status-publish format-standard hentry category-allgemeines-gesellschaftsrecht category-betrieb-einer-gesellschaft category-gesellschaft-rechtsformwahl category-gmbh_ug category-gruendung-einer-gesellschaft category-rechtsanwaltsgesellschaften\">\n\t<div class=\"wd-post-inner article-inner\">\n\t\t\n\t\t<div class=\"wd-post-content article-body-container\">\n\t\t\t\t\t\t\t<div class=\"wd-post-cat wd-style-with-bg meta-post-categories\">\n\t\t\t\t\t<a href=\"https:\/\/rofan.team\/thema\/gmbh_ug\/allgemeines-gesellschaftsrecht\/\" rel=\"category tag\">Allgemeines Gesellschaftsrecht<\/a>, <a href=\"https:\/\/rofan.team\/thema\/gmbh_ug\/betrieb-einer-gesellschaft\/\" rel=\"category tag\">Betrieb einer Gesellschaft<\/a>, <a href=\"https:\/\/rofan.team\/thema\/gmbh_ug\/gruendung-einer-gesellschaft\/gesellschaft-rechtsformwahl\/\" rel=\"category tag\">Gesellschaft Rechtsformwahl<\/a>, <a href=\"https:\/\/rofan.team\/thema\/gmbh_ug\/\" rel=\"category tag\">GmbH &amp; UG<\/a>, <a href=\"https:\/\/rofan.team\/thema\/gmbh_ug\/gruendung-einer-gesellschaft\/\" rel=\"category tag\">Gr\u00fcndung einer Gesellschaft<\/a>, <a href=\"https:\/\/rofan.team\/thema\/gmbh_ug\/gruendung-einer-gesellschaft\/gesellschaft-rechtsformwahl\/rechtsanwaltsgesellschaften\/\" rel=\"category tag\">Rechtsanwaltsgesellschaften<\/a>\t\t\t\t<\/div>\n\t\t\t\n\t\t\t\t\t\t\t<h3 class=\"wd-post-title wd-entities-title title post-title\">\n\t\t\t\t\t<a href=\"https:\/\/rofan.team\/die-gruendung-einer-rechtsanwalts-gmbh\/\" rel=\"bookmark\">Die Gr\u00fcndung einer Rechtsanwalts-GmbH<\/a>\n\t\t\t\t<\/h3>\n\t\t\t\n\t\t\t\t\t\t\t<div class=\"wd-post-meta\">\n\t\t\t\t\t\t\t\t\t\t\t\t\t\t\t<div class=\"wd-post-author\">\n\t\t\t\t\t\t\t\t\t\t\t<span>Posted by<\/span>\n\t\t\n\t\t\t\t\t\t\t\n\t\t\t\t\t<a href=\"https:\/\/rofan.team\/author\/rofan\/\" class=\"author\" rel=\"author\"><\/a>\n\t\t\t\t\t\t\t\t\t<\/div>\n\t\t\t\t\t<div class=\"wd-modified-date\">\n\t\t\t\t\t\t\t\t<time class=\"updated\" datetime=\"\">\n\t\t\t\t\t<\/time>\n\t\t\t\t\t\t\t<\/div>\n\n\t\t\t\t\t\n\t\t\t\t\t\t\t\t\t<\/div>\n\t\t\t\n\t\t\t\t\t\t\t\t\t\t\t\t<div class=\"wd-post-excerpt entry-content\">\n\t\t\t\t\t\tWelche Anforderungen an die Gr\u00fcndung und den Betrieb einer Rechtsanwalts-Gesellschaft gestellt werden, wird in diesem Beitrag beschrieb...\t\t\t\t\t<\/div>\n\t\t\t\t\n\t\t\t\t\t\t\t\t\t\t\t\t\t\t<div class=\"wd-post-read-more wd-style-link read-more-section\">\n\t\t\t\t\t\t<a class=\"\" href=\"https:\/\/rofan.team\/die-gruendung-einer-rechtsanwalts-gmbh\/\">Weiter<\/a>\t\t\t\t\t<\/div>\n\t\t\t\t\t\t\t\t\t\t\t\t\t<\/div>\n\t<\/div>\n<\/article>\n\n\t\t\t\t\t\t\t\t\t\t\t\n<article id=\"post-6884\" class=\"wd-post blog-design-masonry blog-post-loop blog-style-bg wd-add-shadow wd-col post-6884 post type-post status-publish format-standard hentry category-allgemeines-gesellschaftsrecht category-beendigung-einer-gesellschaft category-betrieb-einer-gesellschaft category-loeschung-wegen-vermoegenslosigkeit\">\n\t<div class=\"wd-post-inner article-inner\">\n\t\t\n\t\t<div class=\"wd-post-content article-body-container\">\n\t\t\t\t\t\t\t<div class=\"wd-post-cat wd-style-with-bg meta-post-categories\">\n\t\t\t\t\t<a href=\"https:\/\/rofan.team\/thema\/gmbh_ug\/allgemeines-gesellschaftsrecht\/\" rel=\"category tag\">Allgemeines Gesellschaftsrecht<\/a>, <a href=\"https:\/\/rofan.team\/thema\/gmbh_ug\/beendigung-einer-gesellschaft\/\" rel=\"category tag\">Beendigung einer Gesellschaft<\/a>, <a href=\"https:\/\/rofan.team\/thema\/gmbh_ug\/betrieb-einer-gesellschaft\/\" rel=\"category tag\">Betrieb einer Gesellschaft<\/a>, <a href=\"https:\/\/rofan.team\/thema\/gmbh_ug\/beendigung-einer-gesellschaft\/loeschung-wegen-vermoegenslosigkeit\/\" rel=\"category tag\">L\u00f6schung wegen Verm\u00f6genslosigkeit<\/a>\t\t\t\t<\/div>\n\t\t\t\n\t\t\t\t\t\t\t<h3 class=\"wd-post-title wd-entities-title title post-title\">\n\t\t\t\t\t<a href=\"https:\/\/rofan.team\/fortsetzung-einer-aufgeloesten-gmbh-oder-ug\/\" rel=\"bookmark\">Fortsetzung einer aufgel\u00f6sten GmbH oder UG<\/a>\n\t\t\t\t<\/h3>\n\t\t\t\n\t\t\t\t\t\t\t<div class=\"wd-post-meta\">\n\t\t\t\t\t\t\t\t\t\t\t\t\t\t\t<div class=\"wd-post-author\">\n\t\t\t\t\t\t\t\t\t\t\t<span>Posted by<\/span>\n\t\t\n\t\t\t\t\t\t\t\n\t\t\t\t\t<a href=\"https:\/\/rofan.team\/author\/rofan\/\" class=\"author\" rel=\"author\"><\/a>\n\t\t\t\t\t\t\t\t\t<\/div>\n\t\t\t\t\t<div class=\"wd-modified-date\">\n\t\t\t\t\t\t\t\t<time class=\"updated\" datetime=\"\">\n\t\t\t\t\t<\/time>\n\t\t\t\t\t\t\t<\/div>\n\n\t\t\t\t\t\n\t\t\t\t\t\t\t\t\t<\/div>\n\t\t\t\n\t\t\t\t\t\t\t\t\t\t\t\t<div class=\"wd-post-excerpt entry-content\">\n\t\t\t\t\t\tDie Fortsetzung einer aufgel\u00f6sten GmbH und UG ist Gegenstand dieses Beitrags. Zun\u00e4chst wird kurz dargestellt, was eine Aufl\u00f6sung in Abg...\t\t\t\t\t<\/div>\n\t\t\t\t\n\t\t\t\t\t\t\t\t\t\t\t\t\t\t<div class=\"wd-post-read-more wd-style-link read-more-section\">\n\t\t\t\t\t\t<a class=\"\" href=\"https:\/\/rofan.team\/fortsetzung-einer-aufgeloesten-gmbh-oder-ug\/\">Weiter<\/a>\t\t\t\t\t<\/div>\n\t\t\t\t\t\t\t\t\t\t\t\t\t<\/div>\n\t<\/div>\n<\/article>\n\n\t\t\t\t\t\t\t\t\t\t\t\n<article id=\"post-6842\" class=\"wd-post blog-design-masonry blog-post-loop blog-style-bg wd-add-shadow wd-col post-6842 post type-post status-publish format-standard hentry category-allgemeines-gesellschaftsrecht\">\n\t<div class=\"wd-post-inner article-inner\">\n\t\t\n\t\t<div class=\"wd-post-content article-body-container\">\n\t\t\t\t\t\t\t<div class=\"wd-post-cat wd-style-with-bg meta-post-categories\">\n\t\t\t\t\t<a href=\"https:\/\/rofan.team\/thema\/gmbh_ug\/allgemeines-gesellschaftsrecht\/\" rel=\"category tag\">Allgemeines Gesellschaftsrecht<\/a>\t\t\t\t<\/div>\n\t\t\t\n\t\t\t\t\t\t\t<h3 class=\"wd-post-title wd-entities-title title post-title\">\n\t\t\t\t\t<a href=\"https:\/\/rofan.team\/miethoehe-bei-neuvermietung-mietpreisbremse\/\" rel=\"bookmark\">Mieth\u00f6he bei Neuvermietung &#8211; Mietpreisbremse<\/a>\n\t\t\t\t<\/h3>\n\t\t\t\n\t\t\t\t\t\t\t<div class=\"wd-post-meta\">\n\t\t\t\t\t\t\t\t\t\t\t\t\t\t\t<div class=\"wd-post-author\">\n\t\t\t\t\t\t\t\t\t\t\t<span>Posted by<\/span>\n\t\t\n\t\t\t\t\t\t\t\n\t\t\t\t\t<a href=\"https:\/\/rofan.team\/author\/rofan\/\" class=\"author\" rel=\"author\"><\/a>\n\t\t\t\t\t\t\t\t\t<\/div>\n\t\t\t\t\t<div class=\"wd-modified-date\">\n\t\t\t\t\t\t\t\t<time class=\"updated\" datetime=\"\">\n\t\t\t\t\t<\/time>\n\t\t\t\t\t\t\t<\/div>\n\n\t\t\t\t\t\n\t\t\t\t\t\t\t\t\t<\/div>\n\t\t\t\n\t\t\t\t\t\t\t\t\t\t\t\t<div class=\"wd-post-excerpt entry-content\">\n\t\t\t\t\t\tDie Regelungen zur Mieth\u00f6he bei Neuvermietungen (sogenannte Mietpreisbremse) werden in diesem Beitrag behandelt. Dargelegt wird, in wel...\t\t\t\t\t<\/div>\n\t\t\t\t\n\t\t\t\t\t\t\t\t\t\t\t\t\t\t<div class=\"wd-post-read-more wd-style-link read-more-section\">\n\t\t\t\t\t\t<a class=\"\" href=\"https:\/\/rofan.team\/miethoehe-bei-neuvermietung-mietpreisbremse\/\">Weiter<\/a>\t\t\t\t\t<\/div>\n\t\t\t\t\t\t\t\t\t\t\t\t\t<\/div>\n\t<\/div>\n<\/article>\n\n\t\t\t\t\t\t\t\t\t\t\t\n<article id=\"post-6835\" class=\"wd-post blog-design-masonry blog-post-loop blog-style-bg wd-add-shadow wd-col post-6835 post type-post status-publish format-standard hentry category-laufende-mietverhaeltnisse category-miete category-mietrecht\">\n\t<div class=\"wd-post-inner article-inner\">\n\t\t\n\t\t<div class=\"wd-post-content article-body-container\">\n\t\t\t\t\t\t\t<div class=\"wd-post-cat wd-style-with-bg meta-post-categories\">\n\t\t\t\t\t<a href=\"https:\/\/rofan.team\/thema\/mietrecht\/laufende-mietverhaeltnisse\/\" rel=\"category tag\">Laufende Mietverh\u00e4ltnisse<\/a>, <a href=\"https:\/\/rofan.team\/thema\/mietrecht\/laufende-mietverhaeltnisse\/miete\/\" rel=\"category tag\">Miete<\/a>, <a href=\"https:\/\/rofan.team\/thema\/mietrecht\/\" rel=\"category tag\">Mietrecht<\/a>\t\t\t\t<\/div>\n\t\t\t\n\t\t\t\t\t\t\t<h3 class=\"wd-post-title wd-entities-title title post-title\">\n\t\t\t\t\t<a href=\"https:\/\/rofan.team\/mieterhoehung\/\" rel=\"bookmark\">Mieterh\u00f6hung<\/a>\n\t\t\t\t<\/h3>\n\t\t\t\n\t\t\t\t\t\t\t<div class=\"wd-post-meta\">\n\t\t\t\t\t\t\t\t\t\t\t\t\t\t\t<div class=\"wd-post-author\">\n\t\t\t\t\t\t\t\t\t\t\t<span>Posted by<\/span>\n\t\t\n\t\t\t\t\t\t\t\n\t\t\t\t\t<a href=\"https:\/\/rofan.team\/author\/rofan\/\" class=\"author\" rel=\"author\"><\/a>\n\t\t\t\t\t\t\t\t\t<\/div>\n\t\t\t\t\t<div class=\"wd-modified-date\">\n\t\t\t\t\t\t\t\t<time class=\"updated\" datetime=\"\">\n\t\t\t\t\t<\/time>\n\t\t\t\t\t\t\t<\/div>\n\n\t\t\t\t\t\n\t\t\t\t\t\t\t\t\t<\/div>\n\t\t\t\n\t\t\t\t\t\t\t\t\t\t\t\t<div class=\"wd-post-excerpt entry-content\">\n\t\t\t\t\t\tIn welchen F\u00e4llen Mieterh\u00f6hungen bei Wohnraum m\u00f6glich sind wird in diesem Beitrag behandelt. Detailliert erl\u00e4utert werden insbesondere ...\t\t\t\t\t<\/div>\n\t\t\t\t\n\t\t\t\t\t\t\t\t\t\t\t\t\t\t<div class=\"wd-post-read-more wd-style-link read-more-section\">\n\t\t\t\t\t\t<a class=\"\" href=\"https:\/\/rofan.team\/mieterhoehung\/\">Weiter<\/a>\t\t\t\t\t<\/div>\n\t\t\t\t\t\t\t\t\t\t\t\t\t<\/div>\n\t<\/div>\n<\/article>\n\n\t\t\t\t\t\t\t\t\t\t\t\n<article id=\"post-6826\" class=\"wd-post blog-design-masonry blog-post-loop blog-style-bg wd-add-shadow wd-col post-6826 post type-post status-publish format-standard hentry category-beendigung-von-mietvertraegen category-eigenbedarfskuendigung category-mietrecht\">\n\t<div class=\"wd-post-inner article-inner\">\n\t\t\n\t\t<div class=\"wd-post-content article-body-container\">\n\t\t\t\t\t\t\t<div class=\"wd-post-cat wd-style-with-bg meta-post-categories\">\n\t\t\t\t\t<a href=\"https:\/\/rofan.team\/thema\/mietrecht\/beendigung-von-mietvertraegen\/\" rel=\"category tag\">Beendigung von Mietvertr\u00e4gen<\/a>, <a href=\"https:\/\/rofan.team\/thema\/mietrecht\/beendigung-von-mietvertraegen\/eigenbedarfskuendigung\/\" rel=\"category tag\">Eigenbedarfsk\u00fcndigung<\/a>, <a href=\"https:\/\/rofan.team\/thema\/mietrecht\/\" rel=\"category tag\">Mietrecht<\/a>\t\t\t\t<\/div>\n\t\t\t\n\t\t\t\t\t\t\t<h3 class=\"wd-post-title wd-entities-title title post-title\">\n\t\t\t\t\t<a href=\"https:\/\/rofan.team\/kuendigung-von-mietvertraegen-wegen-eigenbedarfs\/\" rel=\"bookmark\">K\u00fcndigung von Mietvertr\u00e4gen wegen Eigenbedarfs<\/a>\n\t\t\t\t<\/h3>\n\t\t\t\n\t\t\t\t\t\t\t<div class=\"wd-post-meta\">\n\t\t\t\t\t\t\t\t\t\t\t\t\t\t\t<div class=\"wd-post-author\">\n\t\t\t\t\t\t\t\t\t\t\t<span>Posted by<\/span>\n\t\t\n\t\t\t\t\t\t\t\n\t\t\t\t\t<a href=\"https:\/\/rofan.team\/author\/rofan\/\" class=\"author\" rel=\"author\"><\/a>\n\t\t\t\t\t\t\t\t\t<\/div>\n\t\t\t\t\t<div class=\"wd-modified-date\">\n\t\t\t\t\t\t\t\t<time class=\"updated\" datetime=\"\">\n\t\t\t\t\t<\/time>\n\t\t\t\t\t\t\t<\/div>\n\n\t\t\t\t\t\n\t\t\t\t\t\t\t\t\t<\/div>\n\t\t\t\n\t\t\t\t\t\t\t\t\t\t\t\t<div class=\"wd-post-excerpt entry-content\">\n\t\t\t\t\t\tDie Voraussetzungen f\u00fcr eine K\u00fcndigung wegen Eigenbedarfs werden in diesem Beitrag dargelegt. Wann ist die Eigenbedarfsk\u00fcndigung m\u00f6glic...\t\t\t\t\t<\/div>\n\t\t\t\t\n\t\t\t\t\t\t\t\t\t\t\t\t\t\t<div class=\"wd-post-read-more wd-style-link read-more-section\">\n\t\t\t\t\t\t<a class=\"\" href=\"https:\/\/rofan.team\/kuendigung-von-mietvertraegen-wegen-eigenbedarfs\/\">Weiter<\/a>\t\t\t\t\t<\/div>\n\t\t\t\t\t\t\t\t\t\t\t\t\t<\/div>\n\t<\/div>\n<\/article>\n\n\t\t\t\t\t\n\t\t\t\t\t","status":"have-posts","nextPage":"https:\/\/rofan.team\/alle-blogbeitraege\/page\/3\/?woo_ajax=1","currentPage":"https:\/\/rofan.team\/alle-blogbeitraege\/page\/2"}